{"id":16792,"date":"2022-08-27T20:52:46","date_gmt":"2022-08-27T20:52:46","guid":{"rendered":"https:\/\/sheillynunez.com\/?p=16792"},"modified":"2022-08-27T20:52:46","modified_gmt":"2022-08-27T20:52:46","slug":"4to-encuentro-nacional-de-escritoras-dominicanas","status":"publish","type":"post","link":"https:\/\/sheillynunez.com\/index.php\/2022\/08\/27\/4to-encuentro-nacional-de-escritoras-dominicanas\/","title":{"rendered":"4to Encuentro Nacional de Escritoras Dominicanas"},"content":{"rendered":"<p><img loading=\"lazy\" decoding=\"async\" class=\"alignleft size-medium wp-image-16793\" src=\"https:\/\/sheillynunez.com\/wp-content\/uploads\/2022\/08\/Captura-de-Pantalla-2022-08-27-a-las-3.52.25-p.-m.-300x201.png\" alt=\"\" width=\"300\" height=\"201\" srcset=\"https:\/\/sheillynunez.com\/wp-content\/uploads\/2022\/08\/Captura-de-Pantalla-2022-08-27-a-las-3.52.25-p.-m.-300x201.png 300w, https:\/\/sheillynunez.com\/wp-content\/uploads\/2022\/08\/Captura-de-Pantalla-2022-08-27-a-las-3.52.25-p.-m.-1024x685.png 1024w, https:\/\/sheillynunez.com\/wp-content\/uploads\/2022\/08\/Captura-de-Pantalla-2022-08-27-a-las-3.52.25-p.-m.-768x513.png 768w, https:\/\/sheillynunez.com\/wp-content\/uploads\/2022\/08\/Captura-de-Pantalla-2022-08-27-a-las-3.52.25-p.-m.-773x520.png 773w, https:\/\/sheillynunez.com\/wp-content\/uploads\/2022\/08\/Captura-de-Pantalla-2022-08-27-a-las-3.52.25-p.-m..png 1412w\" sizes=\"auto, (max-width: 300px) 100vw, 300px\" \/>Este a\u00f1o, el <a href=\"https:\/\/anticanon.com\">proyecto Anticanon<\/a> puso como tema central \u00abLeernos para reconocernos\u00bb, con el objetivo de que las escritoras dominicanas pudieran compartir sus ideas, leerlas y aprender unas de otras.<\/p>\n<p>El encuentro tuvo la innovaci\u00f3n de haber logrado conectar con otras escritoras dominicanas en la di\u00e1spora desde la ciudad de New York y a trav\u00e9s de la plataforma de zoom con las escritoras presentes en la Biblioteca Nacional, gracias al apoyo del Instituto de Dominicanas y Dominicanos en el Exterior (INDEX), instituci\u00f3n en nombre de la cual tuve el honor de dar unas breves palabras referentes a la vinculaci\u00f3n de escritoras.<\/p>\n<p><img loading=\"lazy\" decoding=\"async\" class=\"size-medium wp-image-16794 alignright\" src=\"https:\/\/sheillynunez.com\/wp-content\/uploads\/2022\/08\/Mesa-2-La-Critica-225x300.jpeg\" alt=\"\" width=\"225\" height=\"300\" srcset=\"https:\/\/sheillynunez.com\/wp-content\/uploads\/2022\/08\/Mesa-2-La-Critica-225x300.jpeg 225w, https:\/\/sheillynunez.com\/wp-content\/uploads\/2022\/08\/Mesa-2-La-Critica.jpeg 768w\" sizes=\"auto, (max-width: 225px) 100vw, 225px\" \/>Me alegra enormemente poder participar en este tipo de eventos que representan un soplo de aire fresco para que podamos encontrarnos, reflexionar sobre aspectos sumamente valiosos para la visibilizaci\u00f3n de autoras, la formaci\u00f3n de una escritora, generar espacios para hacer networking, analizar ideas, conocer sobre las novedades en emprendimientos en torno a los procesos creativos y \u00a0desmitificar el trabajo de la escritura.<\/p>\n<p>&nbsp;<\/p>\n","protected":false},"excerpt":{"rendered":"<p>Este a\u00f1o, el proyecto Anticanon puso como tema central \u00abLeernos para reconocernos\u00bb, con el objetivo de que las escritoras dominicanas pudieran compartir sus ideas, leerlas y aprender unas de otras. [&hellip;]<\/p>\n","protected":false},"author":2,"featured_media":16793,"comment_status":"open","ping_status":"open","sticky":false,"template":"","format":"standard","meta":{"footnotes":""},"categories":[27],"tags":[324,392,325,284],"class_list":["post-16792","post","type-post","status-publish","format-standard","has-post-thumbnail","hentry","category-blog","tag-anticanon","tag-escritoras","tag-escritoras-dominicanas","tag-sheilly-nunez"],"_links":{"self":[{"href":"https:\/\/sheillynunez.com\/index.php\/wp-json\/wp\/v2\/posts\/16792","targetHints":{"allow":["GET"]}}],"collection":[{"href":"https:\/\/sheillynunez.com\/index.php\/wp-json\/wp\/v2\/posts"}],"about":[{"href":"https:\/\/sheillynunez.com\/index.php\/wp-json\/wp\/v2\/types\/post"}],"author":[{"embeddable":true,"href":"https:\/\/sheillynunez.com\/index.php\/wp-json\/wp\/v2\/users\/2"}],"replies":[{"embeddable":true,"href":"https:\/\/sheillynunez.com\/index.php\/wp-json\/wp\/v2\/comments?post=16792"}],"version-history":[{"count":1,"href":"https:\/\/sheillynunez.com\/index.php\/wp-json\/wp\/v2\/posts\/16792\/revisions"}],"predecessor-version":[{"id":16795,"href":"https:\/\/sheillynunez.com\/index.php\/wp-json\/wp\/v2\/posts\/16792\/revisions\/16795"}],"wp:featuredmedia":[{"embeddable":true,"href":"https:\/\/sheillynunez.com\/index.php\/wp-json\/wp\/v2\/media\/16793"}],"wp:attachment":[{"href":"https:\/\/sheillynunez.com\/index.php\/wp-json\/wp\/v2\/media?parent=16792"}],"wp:term":[{"taxonomy":"category","embeddable":true,"href":"https:\/\/sheillynunez.com\/index.php\/wp-json\/wp\/v2\/categories?post=16792"},{"taxonomy":"post_tag","embeddable":true,"href":"https:\/\/sheillynunez.com\/index.php\/wp-json\/wp\/v2\/tags?post=16792"}],"curies":[{"name":"wp","href":"https:\/\/api.w.org\/{rel}","templated":true}]}}