{"id":324,"date":"2010-09-29T16:56:08","date_gmt":"2010-09-29T02:56:08","guid":{"rendered":"http:\/\/sheillynunez.wordpress.com\/?p=324"},"modified":"2010-09-29T16:56:08","modified_gmt":"2010-09-29T02:56:08","slug":"de-vuelta-a-la-vida-real-donde-nunca-veo-el-atardecer","status":"publish","type":"post","link":"https:\/\/sheillynunez.com\/index.php\/2010\/09\/29\/de-vuelta-a-la-vida-real-donde-nunca-veo-el-atardecer\/","title":{"rendered":"DE VUELTA A LA VIDA REAL DONDE NUNCA VEO EL ATARDECER"},"content":{"rendered":"<p><a href=\"http:\/\/sheillynunez.files.wordpress.com\/2010\/09\/screen-shot-2010-09-28-at-10-41-52-pm.png\"><img loading=\"lazy\" decoding=\"async\" class=\"alignright size-medium wp-image-326\" title=\"Screen shot 2010-09-28 at 10.41.52 PM\" src=\"http:\/\/sheillynunez.files.wordpress.com\/2010\/09\/screen-shot-2010-09-28-at-10-41-52-pm.png?w=300\" alt=\"\" width=\"300\" height=\"222\" srcset=\"https:\/\/sheillynunez.com\/wp-content\/uploads\/2010\/09\/screen-shot-2010-09-28-at-10-41-52-pm.png 915w, https:\/\/sheillynunez.com\/wp-content\/uploads\/2010\/09\/screen-shot-2010-09-28-at-10-41-52-pm-300x223.png 300w, https:\/\/sheillynunez.com\/wp-content\/uploads\/2010\/09\/screen-shot-2010-09-28-at-10-41-52-pm-768x570.png 768w, https:\/\/sheillynunez.com\/wp-content\/uploads\/2010\/09\/screen-shot-2010-09-28-at-10-41-52-pm-400x297.png 400w, https:\/\/sheillynunez.com\/wp-content\/uploads\/2010\/09\/screen-shot-2010-09-28-at-10-41-52-pm-600x445.png 600w\" sizes=\"auto, (max-width: 300px) 100vw, 300px\" \/><\/a>Ya lo dec\u00eda <a href=\"http:\/\/es.wikipedia.org\/wiki\/Pablo_Neruda\"><strong>Ricardo Eli\u00e9cer Neftal\u00ed Reyes Basoalto<\/strong><\/a> (mejor conocido como Pablo Neruda): \u00ab<em>Muere lentamente quien no viaja<\/em>\u00ab. Por eso este fin de semana largo tom\u00e9\u00a0 un rumbo distinto, viaj\u00e9 a un Norte m\u00e1s Norte que el habitual enderezando las gomas del jeep de mi amiga Feliciana hacia la olvidada provincia de Montecristi.<\/p>\n<p>En el camino hicimos parada en Villalobos donde oteamos desde afuera la misa dedicada a la Virgen de las Mercedes, el pueblo entero se conglomeraba alrededor de la iglesia esperando escuchar las palabras de aliento del sacedorte, sin que por ello los presentes dejaran de lanzar comentarios de que el padre era pelede\u00edsta porque pidi\u00f3 a la virgen por el Presidente. Yo particularmente le dar\u00eda otra interpretaci\u00f3n a esa s\u00faplica&#8230;<\/p>\n<p><a href=\"http:\/\/sheillynunez.files.wordpress.com\/2010\/09\/screen-shot-2010-09-28-at-10-53-34-pm.png\"><img loading=\"lazy\" decoding=\"async\" class=\"alignleft size-medium wp-image-329\" title=\"Sheilly y Feliciana en Patronales\" src=\"http:\/\/sheillynunez.files.wordpress.com\/2010\/09\/screen-shot-2010-09-28-at-10-53-34-pm.png?w=220\" alt=\"\" width=\"220\" height=\"300\" srcset=\"https:\/\/sheillynunez.com\/wp-content\/uploads\/2010\/09\/screen-shot-2010-09-28-at-10-53-34-pm.png 508w, https:\/\/sheillynunez.com\/wp-content\/uploads\/2010\/09\/screen-shot-2010-09-28-at-10-53-34-pm-221x300.png 221w\" sizes=\"auto, (max-width: 220px) 100vw, 220px\" \/><\/a>M\u00e1s adelante almorzamos un delicioso chivo en una de las casas m\u00e1s antiguas del pueblo de Villa Elisa, fui acogida por todos\u00a0 con suma calidez, pero el almuerzo dur\u00f3 poco pues\u00a0 los habitantes de este  peque\u00f1o pueblo de apenas un par de calles, estaban concentrados en disfrutar de la \u00fanica fiesta que tienen durante todo el a\u00f1o: Las Patronales, m\u00fasica, bebida y comida al lado de la carretera durante un fin de semana completo.<!--more--><\/p>\n<p>Decidimos seguir un poco m\u00e1s lejos atravesando\u00a0 en nuestra traves\u00eda por una carreterra de cambrones sumamente cansona que uno maneja  y maneja creyendo que nunca se va a acabar, parece una prueba  preliminar para determinar si el viajante merece o no llegar a su destino para contemplar un atardecer  en el Morro.<\/p>\n<p>Pude Admirar tambi\u00e9n las boyas usadas art\u00edsticamente como  l\u00e1mparas enmarcando el nuevo malec\u00f3n\u00a0 sobre el que flotan como luces  rojas durante la noche.<\/p>\n<p>Yo que formo\u00a0 parte del grupo de capitalinos encerrados en la vor\u00e1gina de la ciudad, de espaldas al mar, ver la tranquilidad de un atardecer y sentir adormecerme con el compas de las olas golpeando con suavidad la glorieta de montecristi que se yergue sobre el mar, es un masaje glorioso para el alma. Estando en esa playa record\u00e9 la canci\u00f3n de Dido, Sand in my Shoes:<\/p>\n<p><em>\u00abTo real life where I can&#8217;t watch sunset<br \/>\nI don&#8217;t have time<br \/>\nI don&#8217;t have time &#8230;\u00bb<\/em><\/p>\n<p><a href=\"http:\/\/sheillynunez.files.wordpress.com\/2010\/09\/screen-shot-2010-09-28-at-10-35-35-pm.png\"><img loading=\"lazy\" decoding=\"async\" class=\"alignright size-medium wp-image-325\" title=\"Screen shot 2010-09-28 at 10.35.35 PM\" src=\"http:\/\/sheillynunez.files.wordpress.com\/2010\/09\/screen-shot-2010-09-28-at-10-35-35-pm.png?w=300\" alt=\"\" width=\"300\" height=\"225\" srcset=\"https:\/\/sheillynunez.com\/wp-content\/uploads\/2010\/09\/screen-shot-2010-09-28-at-10-35-35-pm.png 449w, https:\/\/sheillynunez.com\/wp-content\/uploads\/2010\/09\/screen-shot-2010-09-28-at-10-35-35-pm-300x226.png 300w\" sizes=\"auto, (max-width: 300px) 100vw, 300px\" \/><\/a>Al d\u00eda siguiente partimos hacia Playa Ensenada desde donde fuimos directo en lancha hasta <a href=\"http:\/\/www.google.com.do\/imgres?imgurl=http:\/\/www.viajar.com.do\/fotos\/cayo-paraiso.jpg&amp;imgrefurl=http:\/\/www.viajar.com.do\/tag\/puerto-plata\/&amp;h=280&amp;w=420&amp;sz=133&amp;tbnid=oNPztEclfBZpVM:&amp;tbnh=83&amp;tbnw=125&amp;prev=\/images%3Fq%3Dcayo%2Barenas&amp;zoom=1&amp;q=cayo+arenas&amp;usg=__5RvVfeF5pp3P0AtoUhDReByvqto=&amp;sa=X&amp;ei=KJaiTMvfI8L7lwe3v4DhBA&amp;ved=0CC4Q9QEwBA\">Cayo Arenas<\/a>, un mont\u00edculo de arena (valga la redundancia) situado en el medio del mar abierto, una isla sin vegetaci\u00f3n, s\u00f3lo decorada por las casitas de cana con que formaron las tiendas para proporcionar a los turistas todo lo que necesiten para que disfruten de las escasas horas que les permiten permanecer de corrido en el cayo antes de que sufran una dolorosa insolaci\u00f3n. Tremenda experiencia el encontrar ese cobijo en pleno mar, rodeado por card\u00famenes de colores brillantes que a pesar de su belleza no por eso uno de los peces dej\u00f3 de darme un coletazo! Me qued\u00e9 un rato acostada secandome al aire y al levantarme ten\u00eda mucha arena sobre mi cuerpo, ni que decir de mis chancletas! Y mientras, conversaba con algunas de las personas presentes sobre lo bello de la naturaleza que nunca disfrutamos por estar pendientes de los problemas.<\/p>\n<p>Record\u00e9 la otra parte de la canci\u00f3n de Dido:<\/p>\n<p><em>\u00ab&#8230;I&#8217;ve still got <a href=\"http:\/\/www.youtube.com\/watch?v=_lrVymj9xHY&amp;ob=av3e\">sand in my shoes<\/a><\/em><\/p>\n<p><em>And I can&#8217;t shake the thought of you<br \/>\n<\/em><\/p>\n<p><em>I shake it all, forget you<\/em><\/p>\n<p><em>Why, why would I want to&#8230;\u00bb <\/em><\/p>\n<p><a href=\"http:\/\/sheillynunez.files.wordpress.com\/2010\/09\/screen-shot-2010-09-28-at-10-35-49-pm.png\"><img loading=\"lazy\" decoding=\"async\" class=\"alignright size-medium wp-image-327\" title=\"Screen shot 2010-09-28 at 10.35.49 PM\" src=\"http:\/\/sheillynunez.files.wordpress.com\/2010\/09\/screen-shot-2010-09-28-at-10-35-49-pm.png?w=300\" alt=\"\" width=\"300\" height=\"224\" srcset=\"https:\/\/sheillynunez.com\/wp-content\/uploads\/2010\/09\/screen-shot-2010-09-28-at-10-35-49-pm.png 451w, https:\/\/sheillynunez.com\/wp-content\/uploads\/2010\/09\/screen-shot-2010-09-28-at-10-35-49-pm-300x225.png 300w, https:\/\/sheillynunez.com\/wp-content\/uploads\/2010\/09\/screen-shot-2010-09-28-at-10-35-49-pm-400x297.png 400w\" sizes=\"auto, (max-width: 300px) 100vw, 300px\" \/><\/a>En ese momento pens\u00e9 que todos los que est\u00e1bamos en la isla hab\u00edamos tra\u00eddo mas arena a la playa de la que llev\u00e1bamos escondida en rincones privados de nuestros trajes de ba\u00f1os y nuestros zapatos. La arena de todos los contratiempos que luchamos por sacudirnos de encima, de las relaciones que no funcionaron, de las vidas que queremos y a\u00fan no tenemos&#8230; realmente es dif\u00edcil sacudirse esa arena, sobretodo cuando la piel est\u00e1 a\u00fan mojada. Quizas hay que simplemente aceptar que necesitamos paciencia para esperar que ella caiga sola cuando ya estemos secos.<\/p>\n<p>Ya de regreso en el pueblo asistimos a una fiesta de graduaci\u00f3n en la Casa Club de la cual s\u00f3lo les dir\u00e9 que no me dejaron sentarme y Dios y la Virgencita de Las Mercedes bendiga a los hombres de Mao porque bailan muy bien! (especialmente los 2 espec\u00edmenes que la T\u00eda Juana nos consigui\u00f3 como parejos para la fiesta).<\/p>\n<p>Realmente fue un viaje como pocos, donde hubo espacio para cada cosa, y as\u00ed comenzando la tarde enderezamos nuevamente las gomas del jeep de Feliciana para Santo Domingo&#8230; gomas de las que por cierto se mos pinch\u00f3 una! En el instante del accidente mi creatividad de escritora se puso de manifiesto y por un momento pens\u00e9 que ten\u00edamos un helic\u00f3ptero encima del carro listo para secuestrarnos como en las pel\u00edculas! hasta me recog\u00ed en el asiento!!. Pero felizmente aparcamos en el paso de la autopista y bajamos a ver el da\u00f1o. La goma estaba completamente destruida:<\/p>\n<p>&#8211; Tenemos que cambiarla &#8211; Dije ante lo inminente&#8230;<\/p>\n<p>&#8211; Pero yo no se cambiar gomas, Sheilly! &#8211; dijo Feliciana con cara de desesperanza&#8230;<\/p>\n<p>&#8211; No te preocupes que yo se. B\u00fascame los instrumentos que vamos a desmontar la repuesta.- dije con seguridad. Y ante aquella expresi\u00f3n Feliciana se asust\u00f3 y agarrando su BB decidi\u00f3 marcar al n\u00famero de emergencias: \u00abPapi, se me pinch\u00f3 una goma\u00bb la o\u00ed decir&#8230;<\/p>\n<p>No hab\u00eda escapatoria, dado que el rescate tomar\u00eda mucho tiempo, no quedaba m\u00e1s remedio que cambiar la goma, as\u00ed que caminamos hacia el ba\u00fal, lo que no me esperaba era que al abrirlo encontr\u00e1ramos los instrumentos siguientes: un gato muy oxidado y un pedazo de \u00abbl\u00f3\u00bb&#8230; Justo en ese momento escuchamos el ruido de un motor acerc\u00e1ndose,\u00a0 vimos los cielos abiertos cuando un motorista se par\u00f3 a ayudarnos, pues definitivamente esos no eran los instrumentos con los que esperaba encontrarme! (ya se que regalarle a Feliciana para navidad).<\/p>\n<p>Y luego de cambiada la goma,\u00a0 entre carcajadas de las que hacen que se te salgan las l\u00e1grimas terminamos este viaje con un atardecer hermoso coronando el elevado nuevo de la Kennedy,\u00a0 apenas pudimos ver el resplandor\u00a0 sobre el retrovisor del auto&#8230; porque ya estabamos de vuelta.<\/p>\n","protected":false},"excerpt":{"rendered":"<p>Ya lo dec\u00eda Ricardo Eli\u00e9cer Neftal\u00ed Reyes Basoalto (mejor conocido como Pablo Neruda): \u00abMuere lentamente quien no viaja\u00ab. Por eso este fin de semana largo tom\u00e9\u00a0 un rumbo distinto, viaj\u00e9 [&hellip;]<\/p>\n","protected":false},"author":1,"featured_media":0,"comment_status":"open","ping_status":"open","sticky":false,"template":"","format":"standard","meta":{"footnotes":""},"categories":[28],"tags":[],"class_list":["post-324","post","type-post","status-publish","format-standard","hentry","category-cronicas-de-mis-viajes"],"_links":{"self":[{"href":"https:\/\/sheillynunez.com\/index.php\/wp-json\/wp\/v2\/posts\/324","targetHints":{"allow":["GET"]}}],"collection":[{"href":"https:\/\/sheillynunez.com\/index.php\/wp-json\/wp\/v2\/posts"}],"about":[{"href":"https:\/\/sheillynunez.com\/index.php\/wp-json\/wp\/v2\/types\/post"}],"author":[{"embeddable":true,"href":"https:\/\/sheillynunez.com\/index.php\/wp-json\/wp\/v2\/users\/1"}],"replies":[{"embeddable":true,"href":"https:\/\/sheillynunez.com\/index.php\/wp-json\/wp\/v2\/comments?post=324"}],"version-history":[{"count":0,"href":"https:\/\/sheillynunez.com\/index.php\/wp-json\/wp\/v2\/posts\/324\/revisions"}],"wp:attachment":[{"href":"https:\/\/sheillynunez.com\/index.php\/wp-json\/wp\/v2\/media?parent=324"}],"wp:term":[{"taxonomy":"category","embeddable":true,"href":"https:\/\/sheillynunez.com\/index.php\/wp-json\/wp\/v2\/categories?post=324"},{"taxonomy":"post_tag","embeddable":true,"href":"https:\/\/sheillynunez.com\/index.php\/wp-json\/wp\/v2\/tags?post=324"}],"curies":[{"name":"wp","href":"https:\/\/api.w.org\/{rel}","templated":true}]}}