{"id":415,"date":"2011-02-04T16:38:08","date_gmt":"2011-02-04T02:38:08","guid":{"rendered":"http:\/\/sheillynunez.wordpress.com\/?p=415"},"modified":"2011-02-04T16:38:08","modified_gmt":"2011-02-04T02:38:08","slug":"premiacion-concurso-de-minificcion","status":"publish","type":"post","link":"https:\/\/sheillynunez.com\/index.php\/2011\/02\/04\/premiacion-concurso-de-minificcion\/","title":{"rendered":"Premiaci\u00f3n Concurso de Minificci\u00f3n"},"content":{"rendered":"<p>Esta ma\u00f1ana fue la entrega de los premios del Concurso de Minificci\u00f3n \u00abCiudad del Ozama\u00bb, fue un acto muy ameno y bien ambientado en la Sala Ram\u00f3n Oviedo del Ministerio de Cultura, hermosamente decorada por pinturas de gran calidad.<\/p>\n<p>Las palabras de agradecimiento a Cargo de Adri\u00e1n Javier en representaci\u00f3n de los ganadores fueron muy atinadas y creativas, realmente, citando al galardonado, a todos los que hicieron este esfuerzo posible: \u00ab<em>Estamos Contentos, Muchas Gracias<\/em>\u00ab.<\/p>\n<p>Para los que no pudieron acompa\u00f1arme les he traido fotos del evento para que lo disfruten conmigo.<\/p>\n<p>&nbsp;<\/p>\n<p><a href=\"http:\/\/sheillynunez.files.wordpress.com\/2011\/02\/screen-shot-2011-02-03-at-10-20-01-pm.png\"><img loading=\"lazy\" decoding=\"async\" class=\"alignleft size-medium wp-image-417\" title=\"Screen shot 2011-02-03 at 10.20.01 PM\" src=\"http:\/\/sheillynunez.files.wordpress.com\/2011\/02\/screen-shot-2011-02-03-at-10-20-01-pm.png?w=300\" alt=\"\" width=\"300\" height=\"219\" \/><\/a><\/p>\n<p><a href=\"http:\/\/sheillynunez.files.wordpress.com\/2011\/02\/screen-shot-2011-02-03-at-10-22-23-pm.png\"><img loading=\"lazy\" decoding=\"async\" class=\"alignleft size-medium wp-image-416\" title=\"Screen shot 2011-02-03 at 10.22.23 PM\" src=\"http:\/\/sheillynunez.files.wordpress.com\/2011\/02\/screen-shot-2011-02-03-at-10-22-23-pm.png?w=300\" alt=\"\" width=\"300\" height=\"222\" srcset=\"https:\/\/sheillynunez.com\/wp-content\/uploads\/2011\/02\/screen-shot-2011-02-03-at-10-22-23-pm.png 833w, https:\/\/sheillynunez.com\/wp-content\/uploads\/2011\/02\/screen-shot-2011-02-03-at-10-22-23-pm-300x223.png 300w, https:\/\/sheillynunez.com\/wp-content\/uploads\/2011\/02\/screen-shot-2011-02-03-at-10-22-23-pm-768x571.png 768w, https:\/\/sheillynunez.com\/wp-content\/uploads\/2011\/02\/screen-shot-2011-02-03-at-10-22-23-pm-400x297.png 400w, https:\/\/sheillynunez.com\/wp-content\/uploads\/2011\/02\/screen-shot-2011-02-03-at-10-22-23-pm-600x446.png 600w\" sizes=\"auto, (max-width: 300px) 100vw, 300px\" \/><\/a><\/p>\n<p>&nbsp;<\/p>\n<p><a href=\"http:\/\/sheillynunez.files.wordpress.com\/2011\/02\/screen-shot-2011-02-03-at-10-19-10-pm.png\"><img loading=\"lazy\" decoding=\"async\" class=\"alignleft size-medium wp-image-418\" title=\"Screen shot 2011-02-03 at 10.19.10 PM\" src=\"http:\/\/sheillynunez.files.wordpress.com\/2011\/02\/screen-shot-2011-02-03-at-10-19-10-pm.png?w=300\" alt=\"\" width=\"300\" height=\"216\" \/><\/a><a href=\"http:\/\/sheillynunez.files.wordpress.com\/2011\/02\/screen-shot-2011-02-03-at-10-18-56-pm.png\"><img loading=\"lazy\" decoding=\"async\" class=\"alignleft size-medium wp-image-419\" title=\"Screen shot 2011-02-03 at 10.18.56 PM\" src=\"http:\/\/sheillynunez.files.wordpress.com\/2011\/02\/screen-shot-2011-02-03-at-10-18-56-pm.png?w=300\" alt=\"\" width=\"300\" height=\"221\" \/><\/a><\/p>\n","protected":false},"excerpt":{"rendered":"<p>Esta ma\u00f1ana fue la entrega de los premios del Concurso de Minificci\u00f3n \u00abCiudad del Ozama\u00bb, fue un acto muy ameno y bien ambientado en la Sala Ram\u00f3n Oviedo del Ministerio [&hellip;]<\/p>\n","protected":false},"author":1,"featured_media":0,"comment_status":"open","ping_status":"open","sticky":false,"template":"","format":"standard","meta":{"footnotes":""},"categories":[17],"tags":[],"class_list":["post-415","post","type-post","status-publish","format-standard","hentry","category-uncategorized"],"_links":{"self":[{"href":"https:\/\/sheillynunez.com\/index.php\/wp-json\/wp\/v2\/posts\/415","targetHints":{"allow":["GET"]}}],"collection":[{"href":"https:\/\/sheillynunez.com\/index.php\/wp-json\/wp\/v2\/posts"}],"about":[{"href":"https:\/\/sheillynunez.com\/index.php\/wp-json\/wp\/v2\/types\/post"}],"author":[{"embeddable":true,"href":"https:\/\/sheillynunez.com\/index.php\/wp-json\/wp\/v2\/users\/1"}],"replies":[{"embeddable":true,"href":"https:\/\/sheillynunez.com\/index.php\/wp-json\/wp\/v2\/comments?post=415"}],"version-history":[{"count":0,"href":"https:\/\/sheillynunez.com\/index.php\/wp-json\/wp\/v2\/posts\/415\/revisions"}],"wp:attachment":[{"href":"https:\/\/sheillynunez.com\/index.php\/wp-json\/wp\/v2\/media?parent=415"}],"wp:term":[{"taxonomy":"category","embeddable":true,"href":"https:\/\/sheillynunez.com\/index.php\/wp-json\/wp\/v2\/categories?post=415"},{"taxonomy":"post_tag","embeddable":true,"href":"https:\/\/sheillynunez.com\/index.php\/wp-json\/wp\/v2\/tags?post=415"}],"curies":[{"name":"wp","href":"https:\/\/api.w.org\/{rel}","templated":true}]}}