{"id":435,"date":"2011-03-09T16:21:46","date_gmt":"2011-03-09T02:21:46","guid":{"rendered":"http:\/\/sheillynunez.wordpress.com\/?p=435"},"modified":"2011-03-09T16:21:46","modified_gmt":"2011-03-09T02:21:46","slug":"y-tambien-somos-palabra","status":"publish","type":"post","link":"https:\/\/sheillynunez.com\/index.php\/2011\/03\/09\/y-tambien-somos-palabra\/","title":{"rendered":"\u00abY tambi\u00e9n soy palabra\u00bb"},"content":{"rendered":"<p><a href=\"http:\/\/sheillynunez.files.wordpress.com\/2011\/03\/dsc07581.jpg\"><img loading=\"lazy\" decoding=\"async\" class=\"alignleft size-medium wp-image-436\" title=\"DSC07581\" src=\"http:\/\/sheillynunez.files.wordpress.com\/2011\/03\/dsc07581.jpg?w=300\" alt=\"\" width=\"300\" height=\"225\" srcset=\"https:\/\/sheillynunez.com\/wp-content\/uploads\/2011\/03\/dsc07581.jpg 2816w, https:\/\/sheillynunez.com\/wp-content\/uploads\/2011\/03\/dsc07581-300x225.jpg 300w, https:\/\/sheillynunez.com\/wp-content\/uploads\/2011\/03\/dsc07581-768x576.jpg 768w, https:\/\/sheillynunez.com\/wp-content\/uploads\/2011\/03\/dsc07581-1024x768.jpg 1024w, https:\/\/sheillynunez.com\/wp-content\/uploads\/2011\/03\/dsc07581-600x450.jpg 600w\" sizes=\"auto, (max-width: 300px) 100vw, 300px\" \/><\/a>Hoy 8 de Marzo celebramos el d\u00eda internacional de la Mujer y qu\u00e9 mejor evento para conmemorarlo que reunir a 16 mujeres que recogen las mejores artes: m\u00fasica, fotograf\u00eda y por supuesto Escritura, que se dan cita para compartir con otras j\u00f3venes\u00a0 mujeres en el Centro Cultural de Espa\u00f1a.<\/p>\n<p>La ingeniosa Farrah Hallal nos convoc\u00f3 para exponer lo m\u00e1s noble que podemos ofrecer: Nuestra palabra.<\/p>\n<p>Como dice el programa de introducci\u00f3n del evento:<\/p>\n<blockquote><p>\u00abY las palabras conforman un puente, un pasadizo, una interrogante: una ventana que nos hace visibles. Ellas no nos confinan a ning\u00fan espacio porque escribir nos hace libres&#8230;\u00bb<\/p><\/blockquote>\n<figure id=\"attachment_439\" aria-describedby=\"caption-attachment-439\" style=\"width: 289px\" class=\"wp-caption alignright\"><a href=\"http:\/\/sheillynunez.files.wordpress.com\/2011\/03\/screen-shot-2011-03-08-at-10-08-19-pm.png\"><img loading=\"lazy\" decoding=\"async\" class=\"size-medium wp-image-439\" title=\"Screen shot 2011-03-08 at 10.08.19 PM\" src=\"http:\/\/sheillynunez.files.wordpress.com\/2011\/03\/screen-shot-2011-03-08-at-10-08-19-pm.png?w=289\" alt=\"\" width=\"289\" height=\"300\" srcset=\"https:\/\/sheillynunez.com\/wp-content\/uploads\/2011\/03\/screen-shot-2011-03-08-at-10-08-19-pm.png 604w, https:\/\/sheillynunez.com\/wp-content\/uploads\/2011\/03\/screen-shot-2011-03-08-at-10-08-19-pm-289x300.png 289w, https:\/\/sheillynunez.com\/wp-content\/uploads\/2011\/03\/screen-shot-2011-03-08-at-10-08-19-pm-600x622.png 600w\" sizes=\"auto, (max-width: 289px) 100vw, 289px\" \/><\/a><figcaption id=\"caption-attachment-439\" class=\"wp-caption-text\">Huayna Jim deleit\u00e1ndonos con su m\u00fasica<\/figcaption><\/figure>\n<p>Huayna Jim abre\u00a0con una pieza musical.<\/p>\n<p>Arg\u00e9nida Romero nos deleita con Poema \u201cAnt\u00edtesis de la mujer de lot\u201d<\/p>\n<p>Reina Lissette Ram\u00edrez con el Poema \u201cMilagro del costado\u201d<\/p>\n<p>Marlex Indhira Rodr\u00edguez con otro Poema: \u201cNi\u00f1a\u201d<\/p>\n<p>Ysabel Florentino Romero con el Micro relato \u201cDe espalda a la lluvia\u201d<\/p>\n<p><!--more-->\u00c1ngela Hern\u00e1ndez con una emotiva exposici\u00f3n de fotograf\u00eda<\/p>\n<p>Romina Bayo con el Poema \u201cConfesiones\u201d<\/p>\n<p>Isis Aquino\/Poema \u201cSin t\u00edtulo\u201d<\/p>\n<p>Patricia Minaya con el Poema \u201c46\u201d<\/p>\n<p>Farah Hallal con Poema \u201cCr\u00f3nica de un cuerpo deseado\u201d<\/p>\n<p>Rossalina Benjam\u00edn con el Poema \u201cDisfraz de una mujer sin miedo\u201d<\/p>\n<p>Marquelis Valdez con el Poema \u201cLa tarde se me duerme entre los ojos\u201d<\/p>\n<p>Lady Diana Castillo con un Fragmento de novela juvenil \u201cLa hija del rey\u201d<\/p>\n<figure id=\"attachment_440\" aria-describedby=\"caption-attachment-440\" style=\"width: 300px\" class=\"wp-caption alignleft\"><a href=\"http:\/\/sheillynunez.files.wordpress.com\/2011\/03\/screen-shot-2011-03-08-at-10-07-18-pm1.png\"><img loading=\"lazy\" decoding=\"async\" class=\"size-medium wp-image-440\" title=\"Screen shot 2011-03-08 at 10.07.18 PM\" src=\"http:\/\/sheillynunez.files.wordpress.com\/2011\/03\/screen-shot-2011-03-08-at-10-07-18-pm1.png?w=300\" alt=\"\" width=\"300\" height=\"226\" srcset=\"https:\/\/sheillynunez.com\/wp-content\/uploads\/2011\/03\/screen-shot-2011-03-08-at-10-07-18-pm1.png 918w, https:\/\/sheillynunez.com\/wp-content\/uploads\/2011\/03\/screen-shot-2011-03-08-at-10-07-18-pm1-300x227.png 300w, https:\/\/sheillynunez.com\/wp-content\/uploads\/2011\/03\/screen-shot-2011-03-08-at-10-07-18-pm1-768x581.png 768w, https:\/\/sheillynunez.com\/wp-content\/uploads\/2011\/03\/screen-shot-2011-03-08-at-10-07-18-pm1-600x454.png 600w\" sizes=\"auto, (max-width: 300px) 100vw, 300px\" \/><\/a><figcaption id=\"caption-attachment-440\" class=\"wp-caption-text\">Somos Mujeres de Palabra!<\/figcaption><\/figure>\n<p>y\u00a0 yo\u00a0 tuve la oportunidad de leer por primera vez al p\u00fablico el Micro relato \u201cLa \u00faltima taza de t\u00e9\u201d, me sorprendieron los aplausos a mitad del texto, al parecer las mujeres presentes se identificaron con\u00a0 la historia.<\/p>\n<figure id=\"attachment_438\" aria-describedby=\"caption-attachment-438\" style=\"width: 300px\" class=\"wp-caption alignright\"><a href=\"http:\/\/sheillynunez.files.wordpress.com\/2011\/03\/screen-shot-2011-03-08-at-10-07-45-pm.png\"><img loading=\"lazy\" decoding=\"async\" class=\"size-medium wp-image-438\" title=\"Screen shot 2011-03-08 at 10.07.45 PM\" src=\"http:\/\/sheillynunez.files.wordpress.com\/2011\/03\/screen-shot-2011-03-08-at-10-07-45-pm.png?w=300\" alt=\"\" width=\"300\" height=\"225\" srcset=\"https:\/\/sheillynunez.com\/wp-content\/uploads\/2011\/03\/screen-shot-2011-03-08-at-10-07-45-pm.png 922w, https:\/\/sheillynunez.com\/wp-content\/uploads\/2011\/03\/screen-shot-2011-03-08-at-10-07-45-pm-300x225.png 300w, https:\/\/sheillynunez.com\/wp-content\/uploads\/2011\/03\/screen-shot-2011-03-08-at-10-07-45-pm-768x577.png 768w, https:\/\/sheillynunez.com\/wp-content\/uploads\/2011\/03\/screen-shot-2011-03-08-at-10-07-45-pm-600x451.png 600w\" sizes=\"auto, (max-width: 300px) 100vw, 300px\" \/><\/a><figcaption id=\"caption-attachment-438\" class=\"wp-caption-text\">Farah Hallal explicando el procedimiento del Taller Misi\u00f3n La Luna.<\/figcaption><\/figure>\n<p>Terminado el recital pasamos al Taller de escritura<em> \u201cMisi\u00f3n: la luna\u201d <\/em>donde guiados por Farah los presentes pudieron experimentar con un ejercicio sencillo c\u00f3mo se vive el proceso creativo de la escritura, desmitificando el hecho de que la literatura es algo reservado para seres especiales, y dejando claro que todos tenemos algo que decir, o decirnos en este caso, pues el resultado del ejercicio fue hacernos una micro-carta donde despedimos a la mujer que fuimos y dejamos renacer a la nueva mujer que decidimos construir a partir de ese d\u00eda.<\/p>\n<p>Comparto con ustedes mi ejercicio: \u00abCarta a Sheilly\u00bb resultado del taller Misi\u00f3n La Luna.<\/p>\n<p>Sheilly,<\/p>\n<p>Mujer y marinera. Estas Navegando. Tus mares son aguas agitadas que buscan una isla, un lugar lejano al que a\u00fan no llegas. Pisar\u00e1s puertos en los que anclar\u00e1s tu edad, tu perfeccionismo, tu tiempo que se agota y cada vez cortar\u00e1s la soga, porque no te dejar\u00e9 llevar contigo esos amarres, mereces olvidar todo aquello que te impide seguir tu camino, soltar peso.<\/p>\n<p>En la noche se ilumina tu isla, la buscas, resplandece redonda en el cielo, un futuro al que sabes te acompa\u00f1ar\u00e1n las estrellas y falta poco, muy poco. Casi casi&#8230;\u00bb<\/p>\n","protected":false},"excerpt":{"rendered":"<p>Hoy 8 de Marzo celebramos el d\u00eda internacional de la Mujer y qu\u00e9 mejor evento para conmemorarlo que reunir a 16 mujeres que recogen las mejores artes: m\u00fasica, fotograf\u00eda y [&hellip;]<\/p>\n","protected":false},"author":1,"featured_media":0,"comment_status":"open","ping_status":"open","sticky":false,"template":"","format":"standard","meta":{"footnotes":""},"categories":[17],"tags":[],"class_list":["post-435","post","type-post","status-publish","format-standard","hentry","category-uncategorized"],"_links":{"self":[{"href":"https:\/\/sheillynunez.com\/index.php\/wp-json\/wp\/v2\/posts\/435","targetHints":{"allow":["GET"]}}],"collection":[{"href":"https:\/\/sheillynunez.com\/index.php\/wp-json\/wp\/v2\/posts"}],"about":[{"href":"https:\/\/sheillynunez.com\/index.php\/wp-json\/wp\/v2\/types\/post"}],"author":[{"embeddable":true,"href":"https:\/\/sheillynunez.com\/index.php\/wp-json\/wp\/v2\/users\/1"}],"replies":[{"embeddable":true,"href":"https:\/\/sheillynunez.com\/index.php\/wp-json\/wp\/v2\/comments?post=435"}],"version-history":[{"count":0,"href":"https:\/\/sheillynunez.com\/index.php\/wp-json\/wp\/v2\/posts\/435\/revisions"}],"wp:attachment":[{"href":"https:\/\/sheillynunez.com\/index.php\/wp-json\/wp\/v2\/media?parent=435"}],"wp:term":[{"taxonomy":"category","embeddable":true,"href":"https:\/\/sheillynunez.com\/index.php\/wp-json\/wp\/v2\/categories?post=435"},{"taxonomy":"post_tag","embeddable":true,"href":"https:\/\/sheillynunez.com\/index.php\/wp-json\/wp\/v2\/tags?post=435"}],"curies":[{"name":"wp","href":"https:\/\/api.w.org\/{rel}","templated":true}]}}