{"id":933,"date":"2016-05-08T21:43:17","date_gmt":"2016-05-09T01:43:17","guid":{"rendered":"http:\/\/sheillynunez.com\/?p=933"},"modified":"2016-05-08T21:43:17","modified_gmt":"2016-05-09T01:43:17","slug":"taller-escribiendo-en-nuestras-comunidades","status":"publish","type":"post","link":"https:\/\/sheillynunez.com\/index.php\/2016\/05\/08\/taller-escribiendo-en-nuestras-comunidades\/","title":{"rendered":"Taller \u00abEscribiendo en Nuestras Comunidades\u00bb"},"content":{"rendered":"<p>Te invito a que nos acompa\u00f1es este jueves 12 de mayo de 2:30pm a 5:30 pm al taller motivacional \u00abEscribiendo en Nuestras Comunidades\u00bb a realizarse en Los Alcarrizos.<\/p>\n<p>M\u00e1s detalles abajo:<\/p>\n<p><img loading=\"lazy\" decoding=\"async\" class=\"alignnone size-medium wp-image-938\" src=\"http:\/\/sheillynunez.com\/sheilly\/wp-content\/uploads\/2016\/05\/Screen-Shot-2016-05-09-at-11.50.43-PM-300x219.png\" alt=\"Screen Shot 2016-05-09 at 11.50.43 PM\" width=\"300\" height=\"219\" srcset=\"https:\/\/sheillynunez.com\/wp-content\/uploads\/2016\/05\/Screen-Shot-2016-05-09-at-11.50.43-PM-300x219.png 300w, https:\/\/sheillynunez.com\/wp-content\/uploads\/2016\/05\/Screen-Shot-2016-05-09-at-11.50.43-PM-768x560.png 768w, https:\/\/sheillynunez.com\/wp-content\/uploads\/2016\/05\/Screen-Shot-2016-05-09-at-11.50.43-PM-1024x747.png 1024w, https:\/\/sheillynunez.com\/wp-content\/uploads\/2016\/05\/Screen-Shot-2016-05-09-at-11.50.43-PM-600x438.png 600w, https:\/\/sheillynunez.com\/wp-content\/uploads\/2016\/05\/Screen-Shot-2016-05-09-at-11.50.43-PM.png 1051w\" sizes=\"auto, (max-width: 300px) 100vw, 300px\" \/><\/p>\n<p>El Proyecto de Escritura Nacional (PEN) es una iniciativa creada por y para escritores y profesores de escritura que buscan compartir sus experiencias y metodolog\u00edas de ense\u00f1anza con otras personas para lograr el desarrollo en su comunidad de la escritura como competencia, forma de arte y veh\u00edculo para la expresi\u00f3n del pensamiento. Este proyecto est\u00e1 avalado con el National Writing Project de New Hampshire, en Estados Unidos, que es un programa de ense\u00f1anza de la escritura a todos los niveles educativos.<\/p>\n<p><!--more-->El Proyecto de Escritura Nacional (PEN) form\u00f3 una alianza con CSA (Community Service Alliance), una organizaci\u00f3n sin fines de lucro dedicada a facilitar programas de intercambio cultural y procesos de empoderamiento en las comunidades marginadas. Juntos nos presentamos a la 3era. Convocatoria de Proyectos Culturales, con la idea de desarrollar un programa especializado de talleres gratuitos para motivar a j\u00f3venes, maestros, escritores y p\u00fablico en general a escribir y diseminar t\u00e9cnicas de escritura.<\/p>\n<p>Nuestro programa \u00abEscribiendo en Nuestras Comunidades\u00bb contempla: 5 talleres comunitarios gratuitos de 4 horas cada uno. \u00a0De los cuales el \u00faltimo es este jueves 12 de mayo en Los Alcarrizos.<\/p>\n<p>En este taller los participantes aprender\u00e1n t\u00e9cnicas puntuales para disparar el pensamiento, realizar\u00e1n ejercicios de escritura y aprender\u00e1n una forma apropiada de proveer retroalimentaci\u00f3n efectiva a escritores en formaci\u00f3n. A la vez este taller es motivacional, pues invitamos a todos los participantes que est\u00e9n interesados a aplicar al Taller Instituto Intensivo que es el coraz\u00f3n del programa.<\/p>\n<p>El Taller-Instituto Intensivo, tendr\u00e1 5 d\u00edas de duraci\u00f3n, en \u00e9l aprender\u00e1n herramientas que podr\u00e1n luego utilizar para proyectos de escritura en sus comunidades. A lo largo de los cinco d\u00edas del Taller, los participantes habr\u00e1n producido textos con calidad de publicaci\u00f3n y tendr\u00e1n un set de t\u00e9cnicas para replicar en su comunidad. Tanto los talleres motivacionales como el Instituto son impartidos de forma simult\u00e1nea por un equipo de profesores dominicanos y cuentan con la presencia destacada de la Dra. Meg Petersen, quien es Directora del National Writing Project de New Hampshire, encargada del dise\u00f1o de este programa educativo y facilitadora invitada.<\/p>\n<p>No olviden que el cupo es limitado. Confirmen su asistencia al correo: proyectoescriturard@gmail.com<\/p>\n<p>Si quieres saber m\u00e1s sobre el PEN, ingresa en Facebook en: @PENRD.<\/p>\n","protected":false},"excerpt":{"rendered":"<p>Te invito a que nos acompa\u00f1es este jueves 12 de mayo de 2:30pm a 5:30 pm al taller motivacional \u00abEscribiendo en Nuestras Comunidades\u00bb a realizarse en Los Alcarrizos. M\u00e1s detalles [&hellip;]<\/p>\n","protected":false},"author":1,"featured_media":938,"comment_status":"open","ping_status":"open","sticky":false,"template":"","format":"standard","meta":{"footnotes":""},"categories":[27,36,37],"tags":[56,67,132,206,211,245,263,264,290],"class_list":["post-933","post","type-post","status-publish","format-standard","has-post-thumbnail","hentry","category-blog","category-proyecto-de-escritura-nacional-pen","category-proyecto-escribiendo-en-nuestras-comunidades","tag-alcarrizos","tag-arte","tag-escritura","tag-meg-petersen","tag-ministerio-de-cultura","tag-pen","tag-proyecto-escritura","tag-proyectos-culturales","tag-taller-escritura-rd"],"_links":{"self":[{"href":"https:\/\/sheillynunez.com\/index.php\/wp-json\/wp\/v2\/posts\/933","targetHints":{"allow":["GET"]}}],"collection":[{"href":"https:\/\/sheillynunez.com\/index.php\/wp-json\/wp\/v2\/posts"}],"about":[{"href":"https:\/\/sheillynunez.com\/index.php\/wp-json\/wp\/v2\/types\/post"}],"author":[{"embeddable":true,"href":"https:\/\/sheillynunez.com\/index.php\/wp-json\/wp\/v2\/users\/1"}],"replies":[{"embeddable":true,"href":"https:\/\/sheillynunez.com\/index.php\/wp-json\/wp\/v2\/comments?post=933"}],"version-history":[{"count":0,"href":"https:\/\/sheillynunez.com\/index.php\/wp-json\/wp\/v2\/posts\/933\/revisions"}],"wp:featuredmedia":[{"embeddable":true,"href":"https:\/\/sheillynunez.com\/index.php\/wp-json\/wp\/v2\/media\/938"}],"wp:attachment":[{"href":"https:\/\/sheillynunez.com\/index.php\/wp-json\/wp\/v2\/media?parent=933"}],"wp:term":[{"taxonomy":"category","embeddable":true,"href":"https:\/\/sheillynunez.com\/index.php\/wp-json\/wp\/v2\/categories?post=933"},{"taxonomy":"post_tag","embeddable":true,"href":"https:\/\/sheillynunez.com\/index.php\/wp-json\/wp\/v2\/tags?post=933"}],"curies":[{"name":"wp","href":"https:\/\/api.w.org\/{rel}","templated":true}]}}