{"id":960,"date":"2016-09-17T11:14:38","date_gmt":"2016-09-17T15:14:38","guid":{"rendered":"http:\/\/sheillynunez.com\/?p=960"},"modified":"2016-09-17T11:14:38","modified_gmt":"2016-09-17T15:14:38","slug":"nos-vemos-en-la-feria-del-libro-de-santo-domingo-2016","status":"publish","type":"post","link":"https:\/\/sheillynunez.com\/index.php\/2016\/09\/17\/nos-vemos-en-la-feria-del-libro-de-santo-domingo-2016\/","title":{"rendered":"Nos vemos en la Feria del Libro de Santo Domingo 2016"},"content":{"rendered":"<div id=\"innerContainer_txtMedia1qsa\">\n<div id=\"innercomp_txtMedia1qsa\" class=\"s27\" title=\"\" data-exact-height=\"216\" data-content-padding-horizontal=\"0\" data-content-padding-vertical=\"0\" data-reactid=\".2\" data-react-checksum=\"-162439621\">\n<div id=\"innercomp_txtMedia1qsalink\" class=\"s27link\" data-reactid=\".2.0\">\n<div class=\"s27img\" data-reactid=\".2.0.0\"><img decoding=\"async\" id=\"innercomp_txtMedia1qsaimgimage\" src=\"https:\/\/static.wixstatic.com\/media\/2b0e1e_834e708f59ed442dbb780bbce98b992a~mv2.jpg\/v1\/fill\/w_630,h_216,al_c,q_80,usm_0.66_1.00_0.01\/2b0e1e_834e708f59ed442dbb780bbce98b992a~mv2.jpg\" alt=\"\" data-reactid=\".2.0.0.$image\" \/><\/div>\n<div id=\"innercomp_txtMedia1qsaimg\" class=\"s27img\" data-reactid=\".2.0.0\">Como muchos de ustedes saben, uno de\u00a0mis nuevos retos ha sido llevar el liderazgo en Rep\u00fablica Dominicana de la iniciativa PEN (Proyecto de Escritura Nacional), con el cual un grupo de maestros egresados del National Writing Project de los Estados Unidos hemos querido abrir en Rep\u00fablica Dominicana una sede internacional que sea un verdadero centro de capacitaci\u00f3n que aplique este modelo internacional de ense\u00f1anza de la escritura que tiene 40 a\u00f1os dejando excelentes resultados.<\/div>\n<\/div>\n<\/div>\n<\/div>\n<p class=\"font_9\">En tal sentido, les invito a que me\u00a0acompa\u00f1en a las actividades que tendremos en la Feria Internacional del Libro de Santo Domingo 2016, a celebrarse en la Plaza de la Cultura de Santo Domingo.<\/p>\n<p class=\"font_9\">Nuestro calendario de actividades ser\u00e1\u00a0el siguiente:<\/p>\n<p class=\"font_9\"><strong>Viernes 23<\/strong><\/p>\n<p class=\"font_9\">12:00 m. Pabell\u00f3n Talleres Literario<\/p>\n<p class=\"font_9\">Conferencia: \u201cEl modelo de escritura del NWPNH- PEN\u201d, a cargo de Meg Petersen.<\/p>\n<p class=\"font_9\">En esta conferencia podr\u00e1n conocer el modelo de ense\u00f1anza de la escritura del National Writing Project en New Hampshire\u00a0y c\u00f3mo el PEN est\u00e1 introduciendo este revolucionario modelo en Rep\u00fablica Dominicana.<\/p>\n<p class=\"font_9\"><strong>Domingo 25<\/strong><\/p>\n<p class=\"font_9\">10:00 a.m. Pabell\u00f3n Talleres Literario<\/p>\n<p class=\"font_9\">Conferencia: \u201cEl proceso de escritura enfocado para escritores\u201d, a cargo de Meg Petersen.<\/p>\n<p class=\"font_9\">En este taller la Dra. Meg Petersen nos mostrar\u00e1 los principales hitos del proceso de escritura que todo escritor debe conocer.<\/p>\n<p class=\"font_9\">4:00 p.m. Pabell\u00f3n Talleres Literario<\/p>\n<p class=\"font_9\">Taller: \u201cEl proceso de revisi\u00f3n de la escritura enfocado a escritores y talleristas\u201d, a cargo de Meg Petersen.<\/p>\n<p class=\"font_9\">Este taller tiene como prop\u00f3sito compartir con escritores que forman parte de talleres literarios y c\u00edrculos de lectura, una herramienta de revisi\u00f3n de la escritura\u00a0que favorece el desarrollo del escritor en formaci\u00f3n.<\/p>\n<p class=\"font_9\">8:00 p.m. Pabell\u00f3n Taller Literario<\/p>\n<p class=\"font_9\">Presentaci\u00f3n de resultados del proyecto \u201cEscribiendo en nuestras comunidades\u201d, a cargo de Sheilly N\u00fa\u00f1ez.<\/p>\n<p class=\"font_9\">El PEN estar\u00e1 presentando los primeros resultados de la ejecuci\u00f3n del Proyecto \u00abEscribiendo en Nuestras Comunidades\u00bb as\u00ed como conversando sobre planes futuros y otros eventos en carpeta.<\/p>\n<p class=\"font_9\">Lunes 26<\/p>\n<p class=\"font_9\">4:00 p.m. Pabell\u00f3n Talleres Literario<\/p>\n<p class=\"font_9\">Taller: \u201cC\u00f3mo ense\u00f1ar escritura a escritores en formaci\u00f3n. Enfoque para maestros y facilitadores\u201d, a cargo de Sheilly N\u00fa\u00f1ez.<\/p>\n<p class=\"font_9\">La formaci\u00f3n de escritores es uno de los principales intereses del PEN, en este taller orientado exclusivamente a maestros y facilitadores estaremos conversando sobre las estrategias que empoderamiento del escritor en formaci\u00f3n y las que no lo hacen.<\/p>\n<p class=\"font_9\">Los espero.<\/p>\n","protected":false},"excerpt":{"rendered":"<p>Como muchos de ustedes saben, uno de\u00a0mis nuevos retos ha sido llevar el liderazgo en Rep\u00fablica Dominicana de la iniciativa PEN (Proyecto de Escritura Nacional), con el cual un grupo [&hellip;]<\/p>\n","protected":false},"author":1,"featured_media":0,"comment_status":"open","ping_status":"open","sticky":false,"template":"","format":"standard","meta":{"footnotes":""},"categories":[27,32,35,36,37],"tags":[],"class_list":["post-960","post","type-post","status-publish","format-standard","hentry","category-blog","category-notas-de-prensa","category-presentaciones","category-proyecto-de-escritura-nacional-pen","category-proyecto-escribiendo-en-nuestras-comunidades"],"_links":{"self":[{"href":"https:\/\/sheillynunez.com\/index.php\/wp-json\/wp\/v2\/posts\/960","targetHints":{"allow":["GET"]}}],"collection":[{"href":"https:\/\/sheillynunez.com\/index.php\/wp-json\/wp\/v2\/posts"}],"about":[{"href":"https:\/\/sheillynunez.com\/index.php\/wp-json\/wp\/v2\/types\/post"}],"author":[{"embeddable":true,"href":"https:\/\/sheillynunez.com\/index.php\/wp-json\/wp\/v2\/users\/1"}],"replies":[{"embeddable":true,"href":"https:\/\/sheillynunez.com\/index.php\/wp-json\/wp\/v2\/comments?post=960"}],"version-history":[{"count":0,"href":"https:\/\/sheillynunez.com\/index.php\/wp-json\/wp\/v2\/posts\/960\/revisions"}],"wp:attachment":[{"href":"https:\/\/sheillynunez.com\/index.php\/wp-json\/wp\/v2\/media?parent=960"}],"wp:term":[{"taxonomy":"category","embeddable":true,"href":"https:\/\/sheillynunez.com\/index.php\/wp-json\/wp\/v2\/categories?post=960"},{"taxonomy":"post_tag","embeddable":true,"href":"https:\/\/sheillynunez.com\/index.php\/wp-json\/wp\/v2\/tags?post=960"}],"curies":[{"name":"wp","href":"https:\/\/api.w.org\/{rel}","templated":true}]}}